{"id":8541,"date":"2020-04-13T13:43:58","date_gmt":"2020-04-13T11:43:58","guid":{"rendered":"https:\/\/urbincasa.es\/blog\/?p=8541"},"modified":"2020-04-13T16:12:48","modified_gmt":"2020-04-13T14:12:48","slug":"francisco-jose-cervantes-nuestro-trabajo-ahora-mismo-es-proteger-a-los-empleados-y-los-intereses-de-clientes-y-proveedores","status":"publish","type":"post","link":"https:\/\/urbincasa.es\/blog\/2020\/04\/francisco-jose-cervantes-nuestro-trabajo-ahora-mismo-es-proteger-a-los-empleados-y-los-intereses-de-clientes-y-proveedores\/","title":{"rendered":"Francisco Jos\u00e9 Cervantes: \u201cNuestro trabajo ahora mismo es proteger a los empleados y los intereses de clientes y proveedores\u201d"},"content":{"rendered":"<div id=\"bsf_rt_marker\"><\/div><p><b>13 de abril.<\/b><span style=\"font-weight: 400;\"> El <strong>director general de Urbincasa<\/strong>, <strong>Francisco Cervantes,<\/strong> se ha dirigido a todo el personal de la empresa en una carta en la que pone de manifiesto que ante la situaci\u00f3n provocada por la Covid-19, \u201cnuestro trabajo es <strong>proteger a los empleados y los intereses de clientes y proveedores<\/strong>\u201d. \u201cSeguimos trabajando tanto o m\u00e1s intensamente que antes de la crisis sanitaria\u201d, se\u00f1ala para subrayar que el departamento T\u00e9cnico ha definido \u201ccon esmero el reinicio de la actividad con la coordinaci\u00f3n de todos los oficios intervinientes en cada obra y el ajuste de los planes y cronogramas de trabajo para reducir al m\u00e1ximo la incidencia en las fechas de entrega de las viviendas comprometidas\u201d.<\/span><\/p>\n<p><span style=\"font-weight: 400;\">\u00a0<\/span><\/p>\n<p><span style=\"font-weight: 400;\">\u201cNada se ha parado en Urbincasa, se siguen eligiendo materiales por los clientes y nuestros departamentos contin\u00faan estudiando y presupuestando reformas\u201d afirma <strong>Francisco Cervantes<\/strong> para apuntar que la promotora mantiene \u201cla revisi\u00f3n de proyectos y el concurso de obras\u201d Adem\u00e1s, a\u00f1ade \u201cproseguimos la tramitaci\u00f3n de licencias y gestionando pr\u00e9stamos y avales para clientes\u201d.<\/span><\/p>\n<p><span style=\"font-weight: 400;\">\u00a0<\/span><\/p>\n<p><span style=\"font-weight: 400;\">En ese mismo sentido, se trabaja con la anticipaci\u00f3n de disponer de los contratos de compra venta, las cl\u00e1usulas por reformas, los expedientes de escrituraciones, hipotecas y todas las gestiones de \u00edndole administrativa.\u00a0 En este \u00e1mbito, los procedimientos se han adaptado al teletrabajo que \u201cha venido para quedarse\u201d, afirma Cervantes quien resalta, tambi\u00e9n, el esfuerzo del departamento de Tecnolog\u00edas que \u201cha atendido exitosamente al salto brutal necesario para f<strong>acilitar el trabajo en casa<\/strong>\u201d.<\/span><\/p>\n<p><span style=\"font-weight: 400;\">\u00a0<\/span><\/p>\n<p><span style=\"font-weight: 400;\"><strong>El director general de Urbincasa<\/strong> explica el compromiso de \u201catender con rapidez\u201d los pagos a contratistas y proveedores. \u201cQueremos contribuir a que quien trabaja con nosotros disponga de todos los medios para sobreponerse a esta crisis \u201d.<\/span><\/p>\n<p><span style=\"font-weight: 400;\">\u00a0<\/span><\/p>\n<p><span style=\"font-weight: 400;\">Cervantes ha subrayado <strong>la labor de los departamentos de Market\u00edng y Comercial<\/strong>. \u201cSe mantiene el inter\u00e9s en la compra de nuestras viviendas y trabajamos, sin descanso, en cultivar esos contactos\u201d. \u201cVolveremos a ser los primeros de la clase como ya comprobamos tras la larga crisis del 2007-2014, que nos situ\u00f3 en la parrilla de salida\u201d, afirma el director general de la promotora quien expone \u201cel gran tr\u00e1fico registrado en todas las webs y microsites de la compa\u00f1\u00eda\u201d con aumentos de hasta el 2.000 % respecto al a\u00f1o pasado.<\/span><\/p>\n<p><span style=\"font-weight: 400;\">\u00a0<\/span><\/p>\n<p><span style=\"font-weight: 400;\">El director general de Urbincasa alude al <strong>compromiso del grupo empresarial Zamora Company<\/strong> con la donaci\u00f3n de 400.000 euros a entidades sociales. Y su colaboraci\u00f3n junto con otros empresarios de la Regi\u00f3n de Murcia para traer desde China material sanitario. \u201cLa experiencia que aportan empresas del grupo en la importaci\u00f3n y exportaci\u00f3n de productos a los mercados asi\u00e1ticos vale tanto o m\u00e1s que los fondos que se destinan a la adquisici\u00f3n de estos productos\u201d manifiesta.<\/span><\/p>\n<p><span style=\"font-weight: 400;\">\u00a0<\/span><\/p>\n<p><span style=\"font-weight: 400;\"><strong>Francisco Cervantes<\/strong> concluye destacando el impecable \u201cproceso de adaptaci\u00f3n\u201d, de toda la plantilla a la nueva situaci\u00f3n, y anticipa ante la vuelta a la normalidad, prevista de forma escalonada que \u201cestamos listos para ajustarnos a esas nuevas reglas de juego en cuanto nos las cuenten\u201d.\u00a0<\/span><\/p>\n<p>&nbsp;<\/p>\n","protected":false},"excerpt":{"rendered":"<p>13 de abril. El director general de Urbincasa, Francisco Cervantes, se ha dirigido a todo el personal de la empresa en una carta en la que pone de manifiesto que ante la situaci\u00f3n provocada por la Covid-19, \u201cnuestro trabajo es proteger a los empleados y los intereses de clientes y proveedores\u201d. \u201cSeguimos trabajando tanto o [&hellip;]<\/p>\n","protected":false},"author":3,"featured_media":8542,"comment_status":"open","ping_status":"open","sticky":false,"template":"","format":"standard","meta":{"footnotes":""},"categories":[813,814,820,825,819,816],"tags":[268,860,58],"class_list":["post-8541","post","type-post","status-publish","format-standard","has-post-thumbnail","hentry","category-calidad","category-compromiso","category-empleo","category-empresa-comprometida","category-equipo","category-trabajo-en-equipo","tag-compromiso","tag-covid19","tag-empleo"],"_links":{"self":[{"href":"https:\/\/urbincasa.es\/blog\/wp-json\/wp\/v2\/posts\/8541","targetHints":{"allow":["GET"]}}],"collection":[{"href":"https:\/\/urbincasa.es\/blog\/wp-json\/wp\/v2\/posts"}],"about":[{"href":"https:\/\/urbincasa.es\/blog\/wp-json\/wp\/v2\/types\/post"}],"author":[{"embeddable":true,"href":"https:\/\/urbincasa.es\/blog\/wp-json\/wp\/v2\/users\/3"}],"replies":[{"embeddable":true,"href":"https:\/\/urbincasa.es\/blog\/wp-json\/wp\/v2\/comments?post=8541"}],"version-history":[{"count":3,"href":"https:\/\/urbincasa.es\/blog\/wp-json\/wp\/v2\/posts\/8541\/revisions"}],"predecessor-version":[{"id":8546,"href":"https:\/\/urbincasa.es\/blog\/wp-json\/wp\/v2\/posts\/8541\/revisions\/8546"}],"wp:featuredmedia":[{"embeddable":true,"href":"https:\/\/urbincasa.es\/blog\/wp-json\/wp\/v2\/media\/8542"}],"wp:attachment":[{"href":"https:\/\/urbincasa.es\/blog\/wp-json\/wp\/v2\/media?parent=8541"}],"wp:term":[{"taxonomy":"category","embeddable":true,"href":"https:\/\/urbincasa.es\/blog\/wp-json\/wp\/v2\/categories?post=8541"},{"taxonomy":"post_tag","embeddable":true,"href":"https:\/\/urbincasa.es\/blog\/wp-json\/wp\/v2\/tags?post=8541"}],"curies":[{"name":"wp","href":"https:\/\/api.w.org\/{rel}","templated":true}]}}