{"id":855,"date":"2012-01-10T13:55:10","date_gmt":"2012-01-10T11:55:10","guid":{"rendered":"https:\/\/urbincasa.es\/blog\/?p=855"},"modified":"2013-04-22T13:32:18","modified_gmt":"2013-04-22T11:32:18","slug":"%c2%a1ahora-tambien-en-cabo-de-palos-casas-en-la-playa-de-murcia","status":"publish","type":"post","link":"https:\/\/urbincasa.es\/blog\/2012\/01\/%c2%a1ahora-tambien-en-cabo-de-palos-casas-en-la-playa-de-murcia\/","title":{"rendered":"\u00a1Ahora tambi\u00e9n casas en Cabo de Palos! La Playa de Cartagena &#8211; Murcia &#8211;"},"content":{"rendered":"<div id=\"bsf_rt_marker\"><\/div><p><a title=\"cabo de palos por Oneras, en Flickr\" href=\"http:\/\/www.flickr.com\/photos\/oneras\/2930621501\/\" target=\"_blank\"><img loading=\"lazy\" decoding=\"async\" class=\"alignright\" style=\"margin: 5px;\" src=\"http:\/\/farm4.staticflickr.com\/3168\/2930621501_0001661b05_m.jpg\" alt=\"cabo de palos\" width=\"240\" height=\"159\" \/><\/a>A\u00f1o nuevo, noticias nuevas. Los Reyes Magos nos traen muchas sorpresas porque hemos sido buenos.<\/p>\n<p>Y por supuesto tenemos que compartir con vosotros nuestros regalos;\u00a0<a title=\"Toda nuestra oferta de viviendas, casas, apartamentos en zona de playa\" href=\"https:\/\/urbincasa.es\/inmobiliaria\/es\/viviendas\/4\/?b=1&amp;lugar=1&amp;buscar=encuentra%21\" target=\"_blank\">Ampliamos nuestra oferta de viviendas en la playa\u00a0<\/a><\/p>\n<p>El pasado d\u00eda 30 de diciembre de 2011, <a href=\"http:\/\/www.urbincasa.es\">URBINCASA<\/a> ha adquirido, junto a la conocida inmobiliaria cartagenera, PATR\u00d3N, <strong>un magn\u00edfico terreno en la calle Subida al Faro de Cabo de Palos<\/strong>, donde en breve pondremos a la venta un <strong>bonito residencial cuyo dise\u00f1o conjuga viviendas unifamiliares y viviendas en bloque de dos alturas.<\/strong><\/p>\n<p>En nuestros 45 a\u00f1os de experiencia hemos aprendido que<strong> la ubicaci\u00f3n es la m\u00e1s importante de las cualidades que debemos exigir a una buena promoci\u00f3n.<\/strong><\/p>\n<p>Por ello, una vez m\u00e1s, hemos adquirido un <strong>terreno en zona \u201cprime\u201d, esta vez en Cabo de Palos, en la subida al faro<\/strong>, <strong>apenas a 200 metros del conocido restaurante el Mosqui<\/strong>, donde podr\u00e9is elegir entre ba\u00f1aros en escondidas calas de roca o en playas de arena, con o sin oleaje, ya que podr\u00e9is evitar en todo momento, si quer\u00e9is, los vientos predominantes en nuestra zona.<\/p>\n<p>Aqu\u00ed ten\u00e9is un poquito de Cabo de Palos:<\/p>\n<p><iframe loading=\"lazy\" src=\"http:\/\/maps.google.es\/maps?q=37.631737,-0.695422&amp;num=1&amp;t=h&amp;vpsrc=6&amp;ie=UTF8&amp;ll=37.632009,-0.694199&amp;spn=0.011895,0.018239&amp;z=15&amp;output=embed\" frameborder=\"0\" marginwidth=\"0\" marginheight=\"0\" scrolling=\"no\" width=\"425\" height=\"350\"><\/iframe><br \/>\n<small><a style=\"color: #0000ff; text-align: left;\" href=\"http:\/\/maps.google.es\/maps?q=37.631737,-0.695422&amp;num=1&amp;t=h&amp;vpsrc=6&amp;ie=UTF8&amp;ll=37.632009,-0.694199&amp;spn=0.011895,0.018239&amp;z=15&amp;source=embed\">Ver mapa m\u00e1s grande<\/a><\/small><\/p>\n<p>Podr\u00e9is llegar caminando al pueblo para hacer vuestras \u00a0compras del d\u00eda o degustar sus conocidos restaurantes, pero tambi\u00e9n podr\u00e9is disfrutar del descanso que les\u00a0proporciona el vivir alejados unos cientos de metros de las zonas m\u00e1s bulliciosas de Cabo de Palos.<\/p>\n<p>El proyecto adem\u00e1s, ser\u00e1 respetuoso con el entorno, con aire mediterr\u00e1neo, y alg\u00fan bonito detalle ibicenco. <strong>Todas las viviendas en Cabo de Palos dispondr\u00e1n adem\u00e1s de plaza de aparcamiento.<\/strong><\/p>\n<p><a title=\"Buc\u00f3lico por IHQ, en Flickr\" href=\"http:\/\/www.flickr.com\/photos\/ihq\/2866833319\/\" target=\"_blank\"><img loading=\"lazy\" decoding=\"async\" class=\"alignright\" style=\"margin: 5px;\" src=\"http:\/\/farm4.staticflickr.com\/3263\/2866833319_4c3bb2ca04_m.jpg\" alt=\"Buc\u00f3lico\" width=\"240\" height=\"150\" \/><\/a><\/p>\n<p>Y, c\u00f3mo no,<strong> los precios de venta ser\u00e1n sin duda atractivos y acordes a la actual coyuntura econ\u00f3mica.<\/strong><\/p>\n<p>Resumiendo: <strong>casas en la playa de Cabo de Palos, en plena playa de Murcia. \u00bfNo es una gran noticia?<\/strong><\/p>\n<p><a title=\"Obra nueva en cabo de palos\" href=\"https:\/\/urbincasa.es\/inmobiliaria\/es\/promociones\/3\/cabo-palos\/proxima-promocion\/11\">Pod\u00e9is solicitar informacion en nuestra web<\/a>. Y por supuesto estad muy atentos<a title=\"Nuestro canal de twitter siempre presto y dispuesto.\" href=\"http:\/\/twitter.com\/urbincasa\" target=\"_blank\">\u00a0en twitter<\/a> y <a title=\"Lo \u00faltimo de nosotros en tu red social :) \" href=\"http:\/\/facebook.com\/urbincasa\" target=\"_blank\">facebook <\/a>para ser siempre los primeros en conocer nuestras iniciativas que os aseguramos no ser\u00e1n pocas.<\/p>\n<p><iframe loading=\"lazy\" src=\"http:\/\/www.youtube-nocookie.com\/embed\/m-K18fqfHug\" frameborder=\"0\" width=\"560\" height=\"315\"><\/iframe><\/p>\n","protected":false},"excerpt":{"rendered":"<p>A\u00f1o nuevo, noticias nuevas. Los Reyes Magos nos traen muchas sorpresas porque hemos sido buenos. Y por supuesto tenemos que compartir con vosotros nuestros regalos;\u00a0Ampliamos nuestra oferta de viviendas en la playa\u00a0 El pasado d\u00eda 30 de diciembre de 2011, URBINCASA ha adquirido, junto a la conocida inmobiliaria cartagenera, PATR\u00d3N, un magn\u00edfico terreno en la [&hellip;]<\/p>\n","protected":false},"author":3,"featured_media":861,"comment_status":"open","ping_status":"open","sticky":false,"template":"","format":"standard","meta":{"footnotes":""},"categories":[11,182],"tags":[183,186,184,185],"class_list":["post-855","post","type-post","status-publish","format-standard","has-post-thumbnail","hentry","category-informacion","category-viviendas-cabo-de-palos","tag-cabo-palos","tag-obra-nueva-murcia","tag-vivienda-cabo-palos","tag-vivienda-playa"],"_links":{"self":[{"href":"https:\/\/urbincasa.es\/blog\/wp-json\/wp\/v2\/posts\/855","targetHints":{"allow":["GET"]}}],"collection":[{"href":"https:\/\/urbincasa.es\/blog\/wp-json\/wp\/v2\/posts"}],"about":[{"href":"https:\/\/urbincasa.es\/blog\/wp-json\/wp\/v2\/types\/post"}],"author":[{"embeddable":true,"href":"https:\/\/urbincasa.es\/blog\/wp-json\/wp\/v2\/users\/3"}],"replies":[{"embeddable":true,"href":"https:\/\/urbincasa.es\/blog\/wp-json\/wp\/v2\/comments?post=855"}],"version-history":[{"count":11,"href":"https:\/\/urbincasa.es\/blog\/wp-json\/wp\/v2\/posts\/855\/revisions"}],"predecessor-version":[{"id":863,"href":"https:\/\/urbincasa.es\/blog\/wp-json\/wp\/v2\/posts\/855\/revisions\/863"}],"wp:featuredmedia":[{"embeddable":true,"href":"https:\/\/urbincasa.es\/blog\/wp-json\/wp\/v2\/media\/861"}],"wp:attachment":[{"href":"https:\/\/urbincasa.es\/blog\/wp-json\/wp\/v2\/media?parent=855"}],"wp:term":[{"taxonomy":"category","embeddable":true,"href":"https:\/\/urbincasa.es\/blog\/wp-json\/wp\/v2\/categories?post=855"},{"taxonomy":"post_tag","embeddable":true,"href":"https:\/\/urbincasa.es\/blog\/wp-json\/wp\/v2\/tags?post=855"}],"curies":[{"name":"wp","href":"https:\/\/api.w.org\/{rel}","templated":true}]}}