{"id":8736,"date":"2020-09-09T18:12:47","date_gmt":"2020-09-09T16:12:47","guid":{"rendered":"https:\/\/urbincasa.es\/blog\/?p=8736"},"modified":"2020-09-09T18:12:47","modified_gmt":"2020-09-09T16:12:47","slug":"campana-uso-de-la-mascarilla","status":"publish","type":"post","link":"https:\/\/urbincasa.es\/blog\/2020\/09\/campana-uso-de-la-mascarilla\/","title":{"rendered":"Campa\u00f1a uso de la mascarilla"},"content":{"rendered":"<div id=\"bsf_rt_marker\"><\/div><p>En Urbincasa hemos hecho siempre bandera de nuestro compromiso con la seguridad de las obras y la salud laboral de nuestros empleados. El #COVID19 ha sido una prueba de fuego para todas las empresas en su adaptaci\u00f3n e incorporaci\u00f3n de las medidas higi\u00e9nicas y sanitarias recomendadas por las autoridades.<\/p>\n<h2><em>\u00a0Medidas de salud laboral ante el Covid19<\/em><\/h2>\n<p>En todos nuestros centros de trabajo se aplican de forma estrictas las normas de seguridad sanitaria que implican el uso de mascarillas, distanciamiento, limpieza y desinfecci\u00f3n de los espacios. Son nuevos h\u00e1bitos y nuevas normas ante un escenario sanitario que nos inquieta y preocupa a todos, pero que hemos asumido con normalidad, responsabilidad.<\/p>\n<figure id=\"attachment_8738\" aria-describedby=\"caption-attachment-8738\" style=\"width: 716px\" class=\"wp-caption aligncenter\"><a href=\"a\"><img loading=\"lazy\" decoding=\"async\" class=\"size-large wp-image-8738\" src=\"https:\/\/urbincasa.es\/blog\/wp-content\/uploads\/2020\/09\/botas-1-716x1024.png\" alt=\"\" width=\"716\" height=\"1024\" srcset=\"https:\/\/urbincasa.es\/blog\/wp-content\/uploads\/2020\/09\/botas-1-716x1024.png 716w, https:\/\/urbincasa.es\/blog\/wp-content\/uploads\/2020\/09\/botas-1-210x300.png 210w, https:\/\/urbincasa.es\/blog\/wp-content\/uploads\/2020\/09\/botas-1-768x1098.png 768w, https:\/\/urbincasa.es\/blog\/wp-content\/uploads\/2020\/09\/botas-1.png 833w\" sizes=\"auto, (max-width: 716px) 100vw, 716px\" \/><\/a><figcaption id=\"caption-attachment-8738\" class=\"wp-caption-text\">Imagen de la campa\u00f1a para concienciar del uso de la mascarilla entre las empresas colaboradoras de Urbincasa<\/figcaption><\/figure>\n<h2><em>Campa\u00f1a de informaci\u00f3n entre las empresas colaboradoras<\/em><\/h2>\n<p>En esa l\u00ednea de compromiso, hemos dado un paso m\u00e1s, con el impulso de una campa\u00f1a de comunicaci\u00f3n interna dirigida a todas las empresas colaboradoras con el fin de concienciar acerca de la importancia de cumplir las normas de seguridad establecidas para impedir la propagaci\u00f3n del virus.<\/p>\n<p>Queremos que quienes,\u00a0 directa o indirectamente, forman parte del equipo humano que participa en el desarrollo de nuestra actividad est\u00e9n plenamente concienciados ante el uso de las mascarilla, un elemento fundamental para evitar contagios, y por tanto, la propagaci\u00f3n del virus.<\/p>\n<p>Nuestro objetivo es que todas las personas que colaboran con Urbincasa se mantengan libres de la enfermedad. \u00a0De su salud depende la del resto de trabajadores. Es una cuesti\u00f3n de todos y as\u00ed lo vamos a hacer ver con la difusi\u00f3n de carteler\u00eda en todos nuestras promociones y centros de trabajo.<\/p>\n","protected":false},"excerpt":{"rendered":"<p>En Urbincasa hemos hecho siempre bandera de nuestro compromiso con la seguridad de las obras y la salud laboral de nuestros empleados. El #COVID19 ha sido una prueba de fuego para todas las empresas en su adaptaci\u00f3n e incorporaci\u00f3n de las medidas higi\u00e9nicas y sanitarias recomendadas por las autoridades. \u00a0Medidas de salud laboral ante el [&hellip;]<\/p>\n","protected":false},"author":3,"featured_media":8742,"comment_status":"open","ping_status":"open","sticky":false,"template":"","format":"standard","meta":{"footnotes":""},"categories":[7,819,816],"tags":[],"class_list":["post-8736","post","type-post","status-publish","format-standard","has-post-thumbnail","hentry","category-compromiso-social","category-equipo","category-trabajo-en-equipo"],"_links":{"self":[{"href":"https:\/\/urbincasa.es\/blog\/wp-json\/wp\/v2\/posts\/8736","targetHints":{"allow":["GET"]}}],"collection":[{"href":"https:\/\/urbincasa.es\/blog\/wp-json\/wp\/v2\/posts"}],"about":[{"href":"https:\/\/urbincasa.es\/blog\/wp-json\/wp\/v2\/types\/post"}],"author":[{"embeddable":true,"href":"https:\/\/urbincasa.es\/blog\/wp-json\/wp\/v2\/users\/3"}],"replies":[{"embeddable":true,"href":"https:\/\/urbincasa.es\/blog\/wp-json\/wp\/v2\/comments?post=8736"}],"version-history":[{"count":2,"href":"https:\/\/urbincasa.es\/blog\/wp-json\/wp\/v2\/posts\/8736\/revisions"}],"predecessor-version":[{"id":8740,"href":"https:\/\/urbincasa.es\/blog\/wp-json\/wp\/v2\/posts\/8736\/revisions\/8740"}],"wp:featuredmedia":[{"embeddable":true,"href":"https:\/\/urbincasa.es\/blog\/wp-json\/wp\/v2\/media\/8742"}],"wp:attachment":[{"href":"https:\/\/urbincasa.es\/blog\/wp-json\/wp\/v2\/media?parent=8736"}],"wp:term":[{"taxonomy":"category","embeddable":true,"href":"https:\/\/urbincasa.es\/blog\/wp-json\/wp\/v2\/categories?post=8736"},{"taxonomy":"post_tag","embeddable":true,"href":"https:\/\/urbincasa.es\/blog\/wp-json\/wp\/v2\/tags?post=8736"}],"curies":[{"name":"wp","href":"https:\/\/api.w.org\/{rel}","templated":true}]}}