{"id":886,"date":"2012-03-06T18:20:48","date_gmt":"2012-03-06T16:20:48","guid":{"rendered":"https:\/\/urbincasa.es\/blog\/?p=886"},"modified":"2012-03-06T18:20:48","modified_gmt":"2012-03-06T16:20:48","slug":"domexpo-moscu-%d1%81%d0%bf%d0%b0%d1%81%d0%b8%d0%b1%d0%be","status":"publish","type":"post","link":"https:\/\/urbincasa.es\/blog\/2012\/03\/domexpo-moscu-%d1%81%d0%bf%d0%b0%d1%81%d0%b8%d0%b1%d0%be\/","title":{"rendered":"Domexpo &#8211; Mosc\u00fa &#8211; \u0441\u043f\u0430\u0441\u0438\u0431\u043e"},"content":{"rendered":"<div id=\"bsf_rt_marker\"><\/div><p>La semana del\u00a023 al 26 de Febrero 2012 se celebr\u00f3 en Mosc\u00fa \u00a0<a title=\"Salon Internacional Mosc\u00fa \" href=\"http:\/\/www.domexpo.ru\/eng\/home.htm\">Domexpo el Sal\u00f3n Internacional de la Segunda Residencia.<\/a><\/p>\n<p>Seg\u00fan la cr\u00f3nica de J<a title=\"Mostrando nuestras viviendas al resto de Europa\" href=\"https:\/\/urbincasa.es\/blog\/2010\/10\/mostrando-nuestras-viviendas-al-resto-de-europa\/\" target=\"_blank\">oaqu\u00edn, nuestro Marco Polo particular<\/a> \u00abno hac\u00eda tanto fr\u00edo como otras<a href=\"https:\/\/urbincasa.es\/blog\/wp-content\/uploads\/2012\/03\/DomExpo2.jpg\"><img loading=\"lazy\" decoding=\"async\" class=\"alignright size-medium wp-image-887\" title=\"DomExpo2\" src=\"https:\/\/urbincasa.es\/blog\/wp-content\/uploads\/2012\/03\/DomExpo2-300x200.jpg\" alt=\"\" width=\"300\" height=\"200\" srcset=\"https:\/\/urbincasa.es\/blog\/wp-content\/uploads\/2012\/03\/DomExpo2-300x200.jpg 300w, https:\/\/urbincasa.es\/blog\/wp-content\/uploads\/2012\/03\/DomExpo2-450x300.jpg 450w, https:\/\/urbincasa.es\/blog\/wp-content\/uploads\/2012\/03\/DomExpo2.jpg 600w\" sizes=\"auto, (max-width: 300px) 100vw, 300px\" \/><\/a> veces -2 o \u00a0-3 grados.\u00bb<\/p>\n<p>En general la afluencia de clientes fue buena\/estable durante los d\u00edas de celebraci\u00f3n. Durante la feria se han formado a los nuevos comerciales de nuestros agentes situados en sus oficinas de Mosc\u00fa, al igual que se han formado a algunos de los subagentes de nuestros agentes para que conozcan mejor nuestros proyectos y los sepan defender y diferenciar.<\/p>\n<div><a title=\"Mercado ruso\" href=\"http:\/\/www.elmundo.es\/elmundo\/2011\/10\/19\/suvivienda\/1319035039.html\" target=\"_blank\">Que al mercado ruso le gusta nuestro pa\u00eds y nuestro clima es algo que se sabe<\/a>. La media general busca viviendas en las zonas de Costa Blanca Norte y Sur, siendo <a title=\"Pisos en Guardamar del Segura\" href=\"http:\/\/www.urbincasa.es\/inmobiliaria\/es\/promociones\/3\/guardamar-segura\/residencial-puertomarino\/2\" target=\"_blank\">muy atractivas nuestras viviendas en Guardamar del Segura.<\/a><\/div>\n<div><strong>La feria inmobiliaria ha sido satisfactoria<\/strong> y esperamos que los contactos logrados por nuestros agentes en base a <strong>aquellos clientes que se ajustan al perfil de nuestros productos<\/strong> empiecen a bajar a Espa\u00f1a a conocer nuestras<a title=\"Viviendas en playa en alicante y murcia\" href=\"http:\/\/www.urbincasa.es\/inmobiliaria\/es\/promociones\/3\" target=\"_blank\"> promociones en las playas de Alicante y Murcia en las pr\u00f3ximas semanas.<\/a><\/div>\n<div>Muy pronto Joaqu\u00edn saldr\u00e1 de nuevo de viaje hacia una nueva feria, de nuevo en Mosc\u00fa.<\/div>\n<div>foto portada: <a title=\"Foto portada\" href=\"http:\/\/www.flickr.com\/photos\/srgblog\/2579099773\/\" target=\"_blank\">flickr<\/a><\/div>\n","protected":false},"excerpt":{"rendered":"<p>La semana del\u00a023 al 26 de Febrero 2012 se celebr\u00f3 en Mosc\u00fa \u00a0Domexpo el Sal\u00f3n Internacional de la Segunda Residencia. Seg\u00fan la cr\u00f3nica de Joaqu\u00edn, nuestro Marco Polo particular \u00abno hac\u00eda tanto fr\u00edo como otras veces -2 o \u00a0-3 grados.\u00bb En general la afluencia de clientes fue buena\/estable durante los d\u00edas de celebraci\u00f3n. Durante la [&hellip;]<\/p>\n","protected":false},"author":3,"featured_media":888,"comment_status":"open","ping_status":"open","sticky":false,"template":"","format":"standard","meta":{"footnotes":""},"categories":[1],"tags":[63,66,190,189],"class_list":["post-886","post","type-post","status-publish","format-standard","has-post-thumbnail","hentry","category-sin-categoria","tag-feria-inmobiliaria","tag-feria-vivienda","tag-mercado-internacional","tag-rusia"],"_links":{"self":[{"href":"https:\/\/urbincasa.es\/blog\/wp-json\/wp\/v2\/posts\/886","targetHints":{"allow":["GET"]}}],"collection":[{"href":"https:\/\/urbincasa.es\/blog\/wp-json\/wp\/v2\/posts"}],"about":[{"href":"https:\/\/urbincasa.es\/blog\/wp-json\/wp\/v2\/types\/post"}],"author":[{"embeddable":true,"href":"https:\/\/urbincasa.es\/blog\/wp-json\/wp\/v2\/users\/3"}],"replies":[{"embeddable":true,"href":"https:\/\/urbincasa.es\/blog\/wp-json\/wp\/v2\/comments?post=886"}],"version-history":[{"count":3,"href":"https:\/\/urbincasa.es\/blog\/wp-json\/wp\/v2\/posts\/886\/revisions"}],"predecessor-version":[{"id":891,"href":"https:\/\/urbincasa.es\/blog\/wp-json\/wp\/v2\/posts\/886\/revisions\/891"}],"wp:featuredmedia":[{"embeddable":true,"href":"https:\/\/urbincasa.es\/blog\/wp-json\/wp\/v2\/media\/888"}],"wp:attachment":[{"href":"https:\/\/urbincasa.es\/blog\/wp-json\/wp\/v2\/media?parent=886"}],"wp:term":[{"taxonomy":"category","embeddable":true,"href":"https:\/\/urbincasa.es\/blog\/wp-json\/wp\/v2\/categories?post=886"},{"taxonomy":"post_tag","embeddable":true,"href":"https:\/\/urbincasa.es\/blog\/wp-json\/wp\/v2\/tags?post=886"}],"curies":[{"name":"wp","href":"https:\/\/api.w.org\/{rel}","templated":true}]}}