{"id":8870,"date":"2021-02-01T21:50:00","date_gmt":"2021-02-01T19:50:00","guid":{"rendered":"https:\/\/urbincasa.es\/blog\/?p=8870"},"modified":"2021-02-02T16:33:26","modified_gmt":"2021-02-02T14:33:26","slug":"anguilas-del-mar-menor-para-los-tipicos-bocadillos-holandeses","status":"publish","type":"post","link":"https:\/\/urbincasa.es\/blog\/2021\/02\/anguilas-del-mar-menor-para-los-tipicos-bocadillos-holandeses\/","title":{"rendered":"Anguilas del Mar Menor para los t\u00edpicos bocadillos holandeses"},"content":{"rendered":"<div id=\"bsf_rt_marker\"><\/div><p>Si tuvi\u00e9ramos que evaluar la salud del estado del Mar Menor a tenor del volumen de capturas de peces tendr\u00edamos que decir que la laguna salada goza de un estado excelente.<\/p>\n<h2>R\u00e9cord de capturas con 16.000 kilos en 15 d\u00edas<\/h2>\n<p>Hace unos meses conoc\u00edamos que se hab\u00eda batido el r\u00e9cord de pesca de doradas, y hace unos d\u00edas ha sido la  la que ha pulverizado los marcadores. En tan solo dos meses se han capturado 28.539 kilos, de los que 16.000 corresponden a la primera quincena de enero. Los expertos aducen que la abundancia de alimento y la ausencia de depredadores favorecen su presencia.<\/p>\n<p>Desde luego son unos datos que reafirman el Mar Menor como uno de los espacios naturales id\u00f3neos para la reproducci\u00f3n de esta especie. De hecho, concentra el 50 % de las capturas de anguilas en todo el Mediterr\u00e1neo.<\/p>\n<p>Este gran volumen de pesca en tan poco tiempo ha llevado a las autoridades regionales a ampliar los per\u00edodos de veda para garantizar su reproducci\u00f3n y cr\u00eda. Un per\u00edodo que se abre desde finales de enero hasta marzo coincidiendo con su migraci\u00f3n.<\/p>\n<figure id=\"attachment_8873\" aria-describedby=\"caption-attachment-8873\" style=\"width: 638px\" class=\"wp-caption aligncenter\"><img loading=\"lazy\" decoding=\"async\" class=\"size-full wp-image-8873\" src=\"https:\/\/urbincasa.es\/blog\/wp-content\/uploads\/2021\/02\/Foto-bocadillo-angula-ahumada.jpg\" alt=\"\" width=\"638\" height=\"425\" srcset=\"https:\/\/urbincasa.es\/blog\/wp-content\/uploads\/2021\/02\/Foto-bocadillo-angula-ahumada.jpg 638w, https:\/\/urbincasa.es\/blog\/wp-content\/uploads\/2021\/02\/Foto-bocadillo-angula-ahumada-300x200.jpg 300w\" sizes=\"auto, (max-width: 638px) 100vw, 638px\" \/><figcaption id=\"caption-attachment-8873\" class=\"wp-caption-text\">Bocadillo t\u00edpico holand\u00e9s de anguila ahumada<\/figcaption><\/figure>\n<h2>Del Mar Menor a los puestos de los mercados holandeses<\/h2>\n<p>Este pescado azul es un preciado bocado en Holanda. Sus bocadillos de anguila ahumado (broodje paling) son t\u00edpicos de lugares con encanto como <a href=\"https:\/\/www.holland.com\/es\/turista\/article\/volendam-16.htm\" target=\"_blank\" rel=\"noopener noreferrer\">Volendam<\/a>, una ciudad de pescadores y pintorescas casas\u00a0 pr\u00f3xima a \u00c1msterdam. Cuando se come en plato es conocido como gerookte paling.<\/p>\n<p>Adem\u00e1s del sol, la playa y tambi\u00e9n la buena gastronom\u00eda de nuestra tierra, nuestros amigos holandeses disfrutan de una materia prima en su alimentaci\u00f3n que tiene como origen el Mar Menor.<\/p>\n","protected":false},"excerpt":{"rendered":"<p>Si tuvi\u00e9ramos que evaluar la salud del estado del Mar Menor a tenor del volumen de capturas de peces tendr\u00edamos que decir que la laguna salada goza de un estado excelente. R\u00e9cord de capturas con 16.000 kilos en 15 d\u00edas Hace unos meses conoc\u00edamos que se hab\u00eda batido el r\u00e9cord de pesca de doradas, y [&hellip;]<\/p>\n","protected":false},"author":3,"featured_media":8872,"comment_status":"open","ping_status":"open","sticky":false,"template":"","format":"standard","meta":{"footnotes":""},"categories":[879,842,834,799],"tags":[],"class_list":["post-8870","post","type-post","status-publish","format-standard","has-post-thumbnail","hentry","category-actualidad","category-curiosidades","category-internacional","category-mar-menor"],"_links":{"self":[{"href":"https:\/\/urbincasa.es\/blog\/wp-json\/wp\/v2\/posts\/8870","targetHints":{"allow":["GET"]}}],"collection":[{"href":"https:\/\/urbincasa.es\/blog\/wp-json\/wp\/v2\/posts"}],"about":[{"href":"https:\/\/urbincasa.es\/blog\/wp-json\/wp\/v2\/types\/post"}],"author":[{"embeddable":true,"href":"https:\/\/urbincasa.es\/blog\/wp-json\/wp\/v2\/users\/3"}],"replies":[{"embeddable":true,"href":"https:\/\/urbincasa.es\/blog\/wp-json\/wp\/v2\/comments?post=8870"}],"version-history":[{"count":3,"href":"https:\/\/urbincasa.es\/blog\/wp-json\/wp\/v2\/posts\/8870\/revisions"}],"predecessor-version":[{"id":8877,"href":"https:\/\/urbincasa.es\/blog\/wp-json\/wp\/v2\/posts\/8870\/revisions\/8877"}],"wp:featuredmedia":[{"embeddable":true,"href":"https:\/\/urbincasa.es\/blog\/wp-json\/wp\/v2\/media\/8872"}],"wp:attachment":[{"href":"https:\/\/urbincasa.es\/blog\/wp-json\/wp\/v2\/media?parent=8870"}],"wp:term":[{"taxonomy":"category","embeddable":true,"href":"https:\/\/urbincasa.es\/blog\/wp-json\/wp\/v2\/categories?post=8870"},{"taxonomy":"post_tag","embeddable":true,"href":"https:\/\/urbincasa.es\/blog\/wp-json\/wp\/v2\/tags?post=8870"}],"curies":[{"name":"wp","href":"https:\/\/api.w.org\/{rel}","templated":true}]}}