{"id":8923,"date":"2021-03-08T11:48:50","date_gmt":"2021-03-08T09:48:50","guid":{"rendered":"https:\/\/urbincasa.es\/blog\/?p=8923"},"modified":"2021-03-08T11:48:50","modified_gmt":"2021-03-08T09:48:50","slug":"urbincasa-empresa-comprometida-con-la-igualdad-de-oportunidades","status":"publish","type":"post","link":"https:\/\/urbincasa.es\/blog\/2021\/03\/urbincasa-empresa-comprometida-con-la-igualdad-de-oportunidades\/","title":{"rendered":"Urbincasa, empresa comprometida con la igualdad de oportunidades"},"content":{"rendered":"<div id=\"bsf_rt_marker\"><\/div><h2>Espa\u00f1a es el segundo pa\u00eds m\u00e1s igualitario del mundo, seg\u00fan el informe global de\u00a0<a href=\"https:\/\/www.expansion.com\/empresas\/2019\/10\/03\/5d9508b7e5fdeac43c8b45f2.html\" target=\"_blank\" rel=\"noopener noreferrer\">Equileap<\/a>, una de las grandes organizaciones que luchan por acelerar la igualdad en el \u00e1mbito #laboral. Concretamente nuestro pa\u00eds obtiene una nota del 49%, por detr\u00e1s Francia (51%), y seguido de\u00a0 Suecia (47%) y el Reino Unido (46%).<\/h2>\n<p>&nbsp;<\/p>\n<h3>Igualdad de oportunidades<\/h3>\n<p>Un camino hacia la igualdad de oportunidades que no es ajeno a Urbincasa y es que nos sentimos orgullosos de decir que el<a href=\"https:\/\/urbincasa.es\/inmobiliaria\/es\/comprometidos\/11\/responsabilidad-social\/16\" target=\"_blank\" rel=\"noopener noreferrer\">\u00a0gen de la igualdad<\/a>\u00a0forma parte de nuestro ADN y est\u00e1 inoculado en el proceso de organizaci\u00f3n, toma de decisiones y funcionamiento de nuestra empresa, promoviendo para ello pol\u00edticas destinadas a favorecer la conciliaci\u00f3n de la vida familiar y laboral y a asegurar la igualdad de trato y oportunidades entre mujeres y hombres.<\/p>\n<p>Desde Urbincasa podemos decir con satisfacci\u00f3n, que las mujeres copan\u00a0 la mitad de los asientos del Comit\u00e9 de Direcci\u00f3n, que nuestra consejera delegada es una mujer y que el 55% de nuestra plantilla es femenina. Es decir, el 70% de nuestra fuerza laboral, que continuar\u00e1 creciendo en 2021, est\u00e1 compuesta por mujeres, que actualmente ocupan puestos de gesti\u00f3n en las \u00e1reas comercial, administrativa, financiera y de comunicaci\u00f3n.<\/p>\n<h4>\u00a0Por una sociedad libre de violencia de g\u00e9nero<\/h4>\n<p>Menci\u00f3n especial tambi\u00e9n merece nuestra reciente adhesi\u00f3n a la iniciativa del\u00a0<a href=\"https:\/\/igualdadyviolenciadegenero.carm.es\/empresas-por-una-sociedad-libre-de-violencia-de-genero\" target=\"_blank\" rel=\"noopener noreferrer\">Gobierno de la Regi\u00f3n de Murcia por una sociedad libre de #ViolenciaDeG\u00e9nero\u00a0<\/a>y que adem\u00e1s de hacernos\u00a0merecedores del distintivo de Igualdad,\u00a0nos llevar\u00e1 a trabajar conjuntamente en la puesta en marcha de\u00a0medidas para la promoci\u00f3n de la igualdad, la sensibilizaci\u00f3n y prevenci\u00f3n de la violencia de g\u00e9nero.<\/p>\n<p><iframe loading=\"lazy\" title=\"Urbincasa, empresa comprometida por una sociedad libre de violencia de g\u00e9nero\" width=\"500\" height=\"281\" src=\"https:\/\/www.youtube.com\/embed\/h-Hxl1D2HoE?start=1&#038;feature=oembed\" frameborder=\"0\" allow=\"accelerometer; autoplay; clipboard-write; encrypted-media; gyroscope; picture-in-picture; web-share\" referrerpolicy=\"strict-origin-when-cross-origin\" allowfullscreen><\/iframe><\/p>\n","protected":false},"excerpt":{"rendered":"<p>Espa\u00f1a es el segundo pa\u00eds m\u00e1s igualitario del mundo, seg\u00fan el informe global de\u00a0Equileap, una de las grandes organizaciones que luchan por acelerar la igualdad en el \u00e1mbito #laboral. Concretamente nuestro pa\u00eds obtiene una nota del 49%, por detr\u00e1s Francia (51%), y seguido de\u00a0 Suecia (47%) y el Reino Unido (46%). &nbsp; Igualdad de oportunidades [&hellip;]<\/p>\n","protected":false},"author":3,"featured_media":8920,"comment_status":"open","ping_status":"open","sticky":false,"template":"","format":"standard","meta":{"footnotes":""},"categories":[879,7,854,794],"tags":[],"class_list":["post-8923","post","type-post","status-publish","format-standard","has-post-thumbnail","hentry","category-actualidad","category-compromiso-social","category-igualdad","category-urbincasa-team"],"_links":{"self":[{"href":"https:\/\/urbincasa.es\/blog\/wp-json\/wp\/v2\/posts\/8923","targetHints":{"allow":["GET"]}}],"collection":[{"href":"https:\/\/urbincasa.es\/blog\/wp-json\/wp\/v2\/posts"}],"about":[{"href":"https:\/\/urbincasa.es\/blog\/wp-json\/wp\/v2\/types\/post"}],"author":[{"embeddable":true,"href":"https:\/\/urbincasa.es\/blog\/wp-json\/wp\/v2\/users\/3"}],"replies":[{"embeddable":true,"href":"https:\/\/urbincasa.es\/blog\/wp-json\/wp\/v2\/comments?post=8923"}],"version-history":[{"count":3,"href":"https:\/\/urbincasa.es\/blog\/wp-json\/wp\/v2\/posts\/8923\/revisions"}],"predecessor-version":[{"id":8927,"href":"https:\/\/urbincasa.es\/blog\/wp-json\/wp\/v2\/posts\/8923\/revisions\/8927"}],"wp:featuredmedia":[{"embeddable":true,"href":"https:\/\/urbincasa.es\/blog\/wp-json\/wp\/v2\/media\/8920"}],"wp:attachment":[{"href":"https:\/\/urbincasa.es\/blog\/wp-json\/wp\/v2\/media?parent=8923"}],"wp:term":[{"taxonomy":"category","embeddable":true,"href":"https:\/\/urbincasa.es\/blog\/wp-json\/wp\/v2\/categories?post=8923"},{"taxonomy":"post_tag","embeddable":true,"href":"https:\/\/urbincasa.es\/blog\/wp-json\/wp\/v2\/tags?post=8923"}],"curies":[{"name":"wp","href":"https:\/\/api.w.org\/{rel}","templated":true}]}}