{"id":8929,"date":"2021-03-31T13:23:12","date_gmt":"2021-03-31T11:23:12","guid":{"rendered":"https:\/\/urbincasa.es\/blog\/?p=8929"},"modified":"2021-03-31T14:05:19","modified_gmt":"2021-03-31T12:05:19","slug":"semana-santa-en-las-playas-de-cartagena","status":"publish","type":"post","link":"https:\/\/urbincasa.es\/blog\/2021\/03\/semana-santa-en-las-playas-de-cartagena\/","title":{"rendered":"Semana Santa en las playas de Cartagena"},"content":{"rendered":"<div id=\"bsf_rt_marker\"><\/div><h2>En Cartagena tenemos el privilegio de vivir la Semana Santa en la costa. Ello significa que, junto a las tradicionales procesiones que desfilan por la ciudad,\u00a0 tenemos la oportunidad de disfrutar de unos d\u00edas de descanso con buen tiempo y junto al mar.<\/h2>\n<blockquote><p><em>La pandemia vuelve a dejarnos una Semana de pasi\u00f3n sin procesiones. No saldr\u00e1n\u00a0 los tronos a la calle, lo que no es un impedimento para contemplar sus im\u00e1genes en las iglesias que salpican las calles del Casco Antiguo cartagenero.<\/em><\/p><\/blockquote>\n<p><strong>Luz, orden y color<\/strong><\/p>\n<p>Las cuatro cofrad\u00edas cartageneras: <strong>Marrajos, Californios, Resucitados y del Socorro<\/strong> han organizado m\u00faltiples actos que dan vida religiosa, art\u00edstica y cultural a la ciudad durante estos d\u00edas.<\/p>\n<p>Echaremos de menos los desfiles procesionales con su orden, luz y color que los caracterizan pero podremos contemplar al <strong>Nazareno o la Virgen de La Piedad<\/strong> en sus capillas.<\/p>\n<p><strong>Procesiones y playa<\/strong><\/p>\n<p>Se podr\u00e1n compatibilizar los desplazamientos a la playa con algunas de las vivencias tradicionales de esta at\u00edpica Semana Santa.<\/p>\n<p>Es lo que tiene vivir en un rinc\u00f3n del Mediterr\u00e1neo como Cartagena, que te permite durante el d\u00eda ir a la playa o recorrer espacios naturales\u00a0 como Calblanque, y\u00a0 al caer la tarde pasear por el centro de una ciudad hist\u00f3rica y con una arraigada tradici\u00f3n de procesiones.<\/p>\n<p><strong>Cultura y gastronom\u00eda<\/strong><\/p>\n<blockquote><p><em>La oferta cultural y gastron\u00f3mica es uno de los valores a\u00f1adidos que ofrece cualquier lugar al que viajar o quedarse a vivir.<\/em><\/p><\/blockquote>\n<p>Cartagena y todo el entorno del Mar Menor ofrecen una amplia variedad de actividades culturales gracias al valioso patrimonio y el legado de siglos de Historia. Ah\u00ed est\u00e1 el Teatro Romano y su Museo, el Foro romano, el Museo Nacional de Arqueolog\u00eda Subacu\u00e1tica y  donde se exhibe el primer submarino de la Historia creado por el inventor cartagenero, Isaac Peral.<\/p>\n<blockquote><p><em>Despu\u00e9s del tour tur\u00edstico nada mejor que una buena comida o cena para probar platos t\u00edpicos como el caldero, los michirones y degustar el famoso asi\u00e1tico.<\/em><\/p><\/blockquote>\n<p><strong>Los Flamencos, cerca de Cartagena y junto al martes<\/strong><\/p>\n<p>Las viviendas del <a href=\"https:\/\/residenciallosflamencos.com\/\">Residencial Los Flamencos<\/a> en Playa Para\u00edso est\u00e1n situadas en un lugar estrat\u00e9gico a poco m\u00e1s de 15 minutos en coche de Cartagena y a escasos metros de la playa. Esta ubicaci\u00f3n hace que sea una urbanizaci\u00f3n privilegiada para vivir con todos los servicios al alcance de la mano.<\/p>\n<p>&nbsp;<\/p>\n","protected":false},"excerpt":{"rendered":"<p>En Cartagena tenemos el privilegio de vivir la Semana Santa en la costa. Ello significa que, junto a las tradicionales procesiones que desfilan por la ciudad,\u00a0 tenemos la oportunidad de disfrutar de unos d\u00edas de descanso con buen tiempo y junto al mar. La pandemia vuelve a dejarnos una Semana de pasi\u00f3n sin procesiones. No [&hellip;]<\/p>\n","protected":false},"author":3,"featured_media":8933,"comment_status":"open","ping_status":"open","sticky":false,"template":"","format":"standard","meta":{"footnotes":""},"categories":[798,848,844,247],"tags":[],"class_list":["post-8929","post","type-post","status-publish","format-standard","has-post-thumbnail","hentry","category-costa-calida","category-de-ruta","category-estilo-mediterraneo","category-vivir-en-cartagena"],"_links":{"self":[{"href":"https:\/\/urbincasa.es\/blog\/wp-json\/wp\/v2\/posts\/8929","targetHints":{"allow":["GET"]}}],"collection":[{"href":"https:\/\/urbincasa.es\/blog\/wp-json\/wp\/v2\/posts"}],"about":[{"href":"https:\/\/urbincasa.es\/blog\/wp-json\/wp\/v2\/types\/post"}],"author":[{"embeddable":true,"href":"https:\/\/urbincasa.es\/blog\/wp-json\/wp\/v2\/users\/3"}],"replies":[{"embeddable":true,"href":"https:\/\/urbincasa.es\/blog\/wp-json\/wp\/v2\/comments?post=8929"}],"version-history":[{"count":8,"href":"https:\/\/urbincasa.es\/blog\/wp-json\/wp\/v2\/posts\/8929\/revisions"}],"predecessor-version":[{"id":8939,"href":"https:\/\/urbincasa.es\/blog\/wp-json\/wp\/v2\/posts\/8929\/revisions\/8939"}],"wp:featuredmedia":[{"embeddable":true,"href":"https:\/\/urbincasa.es\/blog\/wp-json\/wp\/v2\/media\/8933"}],"wp:attachment":[{"href":"https:\/\/urbincasa.es\/blog\/wp-json\/wp\/v2\/media?parent=8929"}],"wp:term":[{"taxonomy":"category","embeddable":true,"href":"https:\/\/urbincasa.es\/blog\/wp-json\/wp\/v2\/categories?post=8929"},{"taxonomy":"post_tag","embeddable":true,"href":"https:\/\/urbincasa.es\/blog\/wp-json\/wp\/v2\/tags?post=8929"}],"curies":[{"name":"wp","href":"https:\/\/api.w.org\/{rel}","templated":true}]}}