{"id":8991,"date":"2021-07-06T19:01:00","date_gmt":"2021-07-06T17:01:00","guid":{"rendered":"https:\/\/urbincasa.es\/blog\/?p=8991"},"modified":"2021-07-06T19:01:00","modified_gmt":"2021-07-06T17:01:00","slug":"comprometidos-en-la-lucha-contra-la-violencia-de-genero","status":"publish","type":"post","link":"https:\/\/urbincasa.es\/blog\/2021\/07\/comprometidos-en-la-lucha-contra-la-violencia-de-genero\/","title":{"rendered":"Comprometidos en la lucha contra la violencia de g\u00e9nero"},"content":{"rendered":"<div id=\"bsf_rt_marker\"><\/div><p>Por segundo a\u00f1o consecutivo, Urbincasa se ha adherido a la iniciativa \u201cEmpresas por una sociedad libre de violencia de g\u00e9nero\u201d promovida por la consejer\u00eda de Mujer, Igualdad,\u00a0LGTBI, Familias y Pol\u00edtica Social del Gobierno de la Regi\u00f3n de Murcia.<\/p>\n<p>De la mano del presidente del Gobierno regional, Fernando L\u00f3pez Miras nuestra directora Financiera y de Recursos Humanos, Paqui Aguilera, recogi\u00f3 el diploma que acredita el compromiso de colaboraci\u00f3n por parte de Urbincasa\u00a0 en la tarea de sensibilizaci\u00f3n social contra esa lacra.<\/p>\n<p>En este ejercicio son 48 nuevas entidades las que se han sumado a este proyecto lo que denota su buena acogida y el enorme inter\u00e9s que ha despertado.<\/p>\n<h2>Repulsa hacia los violentos y apoyo a las v\u00edctimas<\/h2>\n<p>La erradicaci\u00f3n de la violencia hacia las mujeres debe unir a toda la sociedad.\u00a0 Y el mundo de la empresa es un \u00e1mbito que tiene mucho que aportar visibilizando su rechazo a cualquier forma de violencia machista.<\/p>\n<p>Mostramos as\u00ed la repulsa hacia los violentos y expresamos el apoyo a las v\u00edctimas que la sufren.<\/p>\n<p>Las acciones educativas, de sensibilizaci\u00f3n y concienciaci\u00f3n son esenciales para erradicar estos comportamientos deleznables y proteger a las v\u00edctimas.<\/p>\n<p>Estamos orgullosos y satisfechos de poner nuestro grano de arena y mostrarnos como una empresa que apuesta y trabaja por una sociedad libre de violencia de g\u00e9nero.<\/p>\n","protected":false},"excerpt":{"rendered":"<p>Por segundo a\u00f1o consecutivo, Urbincasa se ha adherido a la iniciativa \u201cEmpresas por una sociedad libre de violencia de g\u00e9nero\u201d promovida por la consejer\u00eda de Mujer, Igualdad,\u00a0LGTBI, Familias y Pol\u00edtica Social del Gobierno de la Regi\u00f3n de Murcia. De la mano del presidente del Gobierno regional, Fernando L\u00f3pez Miras nuestra directora Financiera y de Recursos [&hellip;]<\/p>\n","protected":false},"author":3,"featured_media":8992,"comment_status":"open","ping_status":"open","sticky":false,"template":"","format":"standard","meta":{"footnotes":""},"categories":[7,825],"tags":[],"class_list":["post-8991","post","type-post","status-publish","format-standard","has-post-thumbnail","hentry","category-compromiso-social","category-empresa-comprometida"],"_links":{"self":[{"href":"https:\/\/urbincasa.es\/blog\/wp-json\/wp\/v2\/posts\/8991","targetHints":{"allow":["GET"]}}],"collection":[{"href":"https:\/\/urbincasa.es\/blog\/wp-json\/wp\/v2\/posts"}],"about":[{"href":"https:\/\/urbincasa.es\/blog\/wp-json\/wp\/v2\/types\/post"}],"author":[{"embeddable":true,"href":"https:\/\/urbincasa.es\/blog\/wp-json\/wp\/v2\/users\/3"}],"replies":[{"embeddable":true,"href":"https:\/\/urbincasa.es\/blog\/wp-json\/wp\/v2\/comments?post=8991"}],"version-history":[{"count":1,"href":"https:\/\/urbincasa.es\/blog\/wp-json\/wp\/v2\/posts\/8991\/revisions"}],"predecessor-version":[{"id":8993,"href":"https:\/\/urbincasa.es\/blog\/wp-json\/wp\/v2\/posts\/8991\/revisions\/8993"}],"wp:featuredmedia":[{"embeddable":true,"href":"https:\/\/urbincasa.es\/blog\/wp-json\/wp\/v2\/media\/8992"}],"wp:attachment":[{"href":"https:\/\/urbincasa.es\/blog\/wp-json\/wp\/v2\/media?parent=8991"}],"wp:term":[{"taxonomy":"category","embeddable":true,"href":"https:\/\/urbincasa.es\/blog\/wp-json\/wp\/v2\/categories?post=8991"},{"taxonomy":"post_tag","embeddable":true,"href":"https:\/\/urbincasa.es\/blog\/wp-json\/wp\/v2\/tags?post=8991"}],"curies":[{"name":"wp","href":"https:\/\/api.w.org\/{rel}","templated":true}]}}