{"id":9103,"date":"2021-12-17T12:35:26","date_gmt":"2021-12-17T10:35:26","guid":{"rendered":"https:\/\/urbincasa.es\/blog\/?p=9103"},"modified":"2021-12-17T12:36:37","modified_gmt":"2021-12-17T10:36:37","slug":"urbincasa-construira-una-nueva-promocion-de-viviendas-en-el-paseo-alfonso-xiii-de-cartagena","status":"publish","type":"post","link":"https:\/\/urbincasa.es\/blog\/2021\/12\/urbincasa-construira-una-nueva-promocion-de-viviendas-en-el-paseo-alfonso-xiii-de-cartagena\/","title":{"rendered":"\u00a1Nueva promoci\u00f3n de viviendas en el paseo Alfonso XIII de Cartagena!"},"content":{"rendered":"<div id=\"bsf_rt_marker\"><\/div><p>En Urbincasa seguimos sumando proyectos en Cartagena, y es que acabamos de adquirir un <a href=\"https:\/\/urbincasa.es\/inmobiliaria\/es\/promociones\/3\/cartagena\/proxima-promocion-paseo-alfonso-xiii\/26\" target=\"_blank\" rel=\"noopener noreferrer\">nuevo terreno en el <strong>paseo Alfonso XIII<\/strong><\/a> donde pr\u00f3ximamente iniciaremos la construcci\u00f3n de un exclusivo residencial de viviendas.<\/p>\n<blockquote><p><em> \u201cCon este nuevo proyecto, que se ubicar\u00e1 frente al hotel Alfonso XIII, nuestra promotora reafirma su apuesta por la <a href=\"https:\/\/murciaplaza.com\/urbincasa-adquiere-el-solar-frente-al-hotel-alfonso-xiii-para-construir-un-edificio-residencial-de-9-plantas\" target=\"_blank\" rel=\"noopener noreferrer\">modernizaci\u00f3n, sostenibilidad y rehabilitaci\u00f3n de la ciudad<\/a>, construyendo viviendas de calidad, en ubicaciones excelentes y con la confianza y garant\u00eda de una empresa con m\u00e1s de 50 a\u00f1os de trayectoria\u201d, puntualiza Francisco Cervantes, director general de Urbincasa.<\/em><\/p>\n<p>Esta promoci\u00f3n de viviendas, que\u00a0<strong>se suma al proyecto que ya tenemos en marcha en la Calle Carlos III, <a href=\"https:\/\/urbincasa.es\/inmobiliaria\/es\/promociones\/3\/cartagena\/proxima-promocion-calle-carlos-iii\/25\" target=\"_blank\" rel=\"noopener noreferrer\">\u201cCasa Rey Carlos\u201d<\/a>, <\/strong>representar\u00e1 una vez m\u00e1s \u00a0la esencia de la marca de Urbincasa: una apuesta decidida por la excelencia de un residencial que buscar\u00e1, desde su innovador dise\u00f1o, zonas comunes y servicios, la mejor calidad de vida para sus residentes y cuya ubicaci\u00f3n sea un valor a\u00f1adido a su inversi\u00f3n.<\/p><\/blockquote>\n<h3>Si quieres saber m\u00e1s de este proyecto, ap\u00fantate\u00a0<a href=\"https:\/\/urbincasa.es\/inmobiliaria\/es\/promociones\/3\/cartagena\/proxima-promocion-paseo-alfonso-xiii\/26\" target=\"_blank\" rel=\"noopener noreferrer\"><strong>AQU\u00cd<\/strong><\/a>\u00a0a nuestra lista de espera. Te informaremos en exclusiva de todas las novedades.<\/h3>\n<p>&nbsp;<\/p>\n","protected":false},"excerpt":{"rendered":"<p>En Urbincasa seguimos sumando proyectos en Cartagena, y es que acabamos de adquirir un nuevo terreno en el paseo Alfonso XIII donde pr\u00f3ximamente iniciaremos la construcci\u00f3n de un exclusivo residencial de viviendas. \u201cCon este nuevo proyecto, que se ubicar\u00e1 frente al hotel Alfonso XIII, nuestra promotora reafirma su apuesta por la modernizaci\u00f3n, sostenibilidad y rehabilitaci\u00f3n [&hellip;]<\/p>\n","protected":false},"author":3,"featured_media":9102,"comment_status":"open","ping_status":"open","sticky":false,"template":"","format":"standard","meta":{"footnotes":""},"categories":[879,896,877,23],"tags":[],"class_list":["post-9103","post","type-post","status-publish","format-standard","has-post-thumbnail","hentry","category-actualidad","category-aticos-y-pisos","category-obra-nueva","category-viviendas-cartagena"],"_links":{"self":[{"href":"https:\/\/urbincasa.es\/blog\/wp-json\/wp\/v2\/posts\/9103","targetHints":{"allow":["GET"]}}],"collection":[{"href":"https:\/\/urbincasa.es\/blog\/wp-json\/wp\/v2\/posts"}],"about":[{"href":"https:\/\/urbincasa.es\/blog\/wp-json\/wp\/v2\/types\/post"}],"author":[{"embeddable":true,"href":"https:\/\/urbincasa.es\/blog\/wp-json\/wp\/v2\/users\/3"}],"replies":[{"embeddable":true,"href":"https:\/\/urbincasa.es\/blog\/wp-json\/wp\/v2\/comments?post=9103"}],"version-history":[{"count":3,"href":"https:\/\/urbincasa.es\/blog\/wp-json\/wp\/v2\/posts\/9103\/revisions"}],"predecessor-version":[{"id":9106,"href":"https:\/\/urbincasa.es\/blog\/wp-json\/wp\/v2\/posts\/9103\/revisions\/9106"}],"wp:featuredmedia":[{"embeddable":true,"href":"https:\/\/urbincasa.es\/blog\/wp-json\/wp\/v2\/media\/9102"}],"wp:attachment":[{"href":"https:\/\/urbincasa.es\/blog\/wp-json\/wp\/v2\/media?parent=9103"}],"wp:term":[{"taxonomy":"category","embeddable":true,"href":"https:\/\/urbincasa.es\/blog\/wp-json\/wp\/v2\/categories?post=9103"},{"taxonomy":"post_tag","embeddable":true,"href":"https:\/\/urbincasa.es\/blog\/wp-json\/wp\/v2\/tags?post=9103"}],"curies":[{"name":"wp","href":"https:\/\/api.w.org\/{rel}","templated":true}]}}