{"id":9107,"date":"2021-12-23T22:47:28","date_gmt":"2021-12-23T20:47:28","guid":{"rendered":"https:\/\/urbincasa.es\/blog\/?p=9107"},"modified":"2021-12-24T13:04:11","modified_gmt":"2021-12-24T11:04:11","slug":"estrellas-de-ilusion-de-los-usuarios-de-prolam-astus","status":"publish","type":"post","link":"https:\/\/urbincasa.es\/blog\/2021\/12\/estrellas-de-ilusion-de-los-usuarios-de-prolam-astus\/","title":{"rendered":"Estrellas de ilusi\u00f3n de Prolam-Astus"},"content":{"rendered":"<div id=\"bsf_rt_marker\"><\/div><blockquote>\n<h2 style=\"text-align: center;\">Esta Navidad hemos querido volver a contar con nuestros amigos del centro de Prolam-Astus para preparar las estrellas que han acompa\u00f1ado al regalo navide\u00f1o que hemos repartido estos d\u00edas a los ni\u00f1os desde nuestro local Urbincasa Shop, situado en el coraz\u00f3n del Casco Hist\u00f3rico de Cartagena.<\/h2>\n<\/blockquote>\n<figure id=\"attachment_9109\" aria-describedby=\"caption-attachment-9109\" style=\"width: 280px\" class=\"wp-caption aligncenter\"><img loading=\"lazy\" decoding=\"async\" class=\" wp-image-9109\" src=\"https:\/\/urbincasa.es\/blog\/wp-content\/uploads\/2021\/12\/PHOTO-2021-11-30-12-18-29-3-769x1024.jpg\" alt=\"\" width=\"280\" height=\"373\" srcset=\"https:\/\/urbincasa.es\/blog\/wp-content\/uploads\/2021\/12\/PHOTO-2021-11-30-12-18-29-3-769x1024.jpg 769w, https:\/\/urbincasa.es\/blog\/wp-content\/uploads\/2021\/12\/PHOTO-2021-11-30-12-18-29-3-225x300.jpg 225w, https:\/\/urbincasa.es\/blog\/wp-content\/uploads\/2021\/12\/PHOTO-2021-11-30-12-18-29-3-768x1023.jpg 768w, https:\/\/urbincasa.es\/blog\/wp-content\/uploads\/2021\/12\/PHOTO-2021-11-30-12-18-29-3.jpg 1201w\" sizes=\"auto, (max-width: 280px) 100vw, 280px\" \/><figcaption id=\"caption-attachment-9109\" class=\"wp-caption-text\">Los usuarios del centro de Prolam-Astus haciendo las estrellas que han acompa\u00f1ado a los dulces navide\u00f1os repartidos por Urbincasa<\/figcaption><\/figure>\n<p>&nbsp;<\/p>\n<p>Unas estrellas impregnadas de mucha ilusi\u00f3n para hacer brillar unas navidades que debemos disfrutar con prudencia y responsabilidad. Esas ganas contenidas de celebrar se hicieron presentes el d\u00eda que colocamos el \u00e1rbol de #navidad en la oficina. Regalos, bolas decorativas, sorpresas y muchas risas estuvieron presentes en una jornada de convivencia de las que se echan de menos en estos tiempos de mascarilla y distancia social.<\/p>\n<p>&nbsp;<\/p>\n<p><img loading=\"lazy\" decoding=\"async\" class=\"aligncenter wp-image-9121\" src=\"https:\/\/urbincasa.es\/blog\/wp-content\/uploads\/2021\/12\/estrellas-de-navidad-1024x768.jpg\" alt=\"\" width=\"434\" height=\"325\" srcset=\"https:\/\/urbincasa.es\/blog\/wp-content\/uploads\/2021\/12\/estrellas-de-navidad-1024x768.jpg 1024w, https:\/\/urbincasa.es\/blog\/wp-content\/uploads\/2021\/12\/estrellas-de-navidad-300x225.jpg 300w, https:\/\/urbincasa.es\/blog\/wp-content\/uploads\/2021\/12\/estrellas-de-navidad-768x576.jpg 768w, https:\/\/urbincasa.es\/blog\/wp-content\/uploads\/2021\/12\/estrellas-de-navidad.jpg 1600w\" sizes=\"auto, (max-width: 434px) 100vw, 434px\" \/><\/p>\n<p>Son precisamente en esos momentos en los que m\u00e1s se aprecia el valor humano del gran equipo de profesionales que hace funcionar nuestra empresa todos los d\u00edas. La pandemia nos ha obligado a privarnos del tradicional encuentro navide\u00f1o pero no ha impedido que entorno al \u00e1rbol hayamos vivido la magia de la #Navidad.<\/p>\n<p><img loading=\"lazy\" decoding=\"async\" class=\"wp-image-9116 aligncenter\" src=\"https:\/\/urbincasa.es\/blog\/wp-content\/uploads\/2021\/12\/regalitos-con-ilusion-con-Prolam-576x1024.jpg\" alt=\"\" width=\"212\" height=\"377\" srcset=\"https:\/\/urbincasa.es\/blog\/wp-content\/uploads\/2021\/12\/regalitos-con-ilusion-con-Prolam-576x1024.jpg 576w, https:\/\/urbincasa.es\/blog\/wp-content\/uploads\/2021\/12\/regalitos-con-ilusion-con-Prolam-169x300.jpg 169w, https:\/\/urbincasa.es\/blog\/wp-content\/uploads\/2021\/12\/regalitos-con-ilusion-con-Prolam-768x1365.jpg 768w, https:\/\/urbincasa.es\/blog\/wp-content\/uploads\/2021\/12\/regalitos-con-ilusion-con-Prolam.jpg 1152w\" sizes=\"auto, (max-width: 212px) 100vw, 212px\" \/><\/p>\n","protected":false},"excerpt":{"rendered":"<p>Esta Navidad hemos querido volver a contar con nuestros amigos del centro de Prolam-Astus para preparar las estrellas que han acompa\u00f1ado al regalo navide\u00f1o que hemos repartido estos d\u00edas a los ni\u00f1os desde nuestro local Urbincasa Shop, situado en el coraz\u00f3n del Casco Hist\u00f3rico de Cartagena. &nbsp; Unas estrellas impregnadas de mucha ilusi\u00f3n para hacer [&hellip;]<\/p>\n","protected":false},"author":3,"featured_media":9108,"comment_status":"open","ping_status":"open","sticky":false,"template":"","format":"standard","meta":{"footnotes":""},"categories":[879,7,825,669,823],"tags":[],"class_list":["post-9107","post","type-post","status-publish","format-standard","has-post-thumbnail","hentry","category-actualidad","category-compromiso-social","category-empresa-comprometida","category-genteurbin-2","category-hogares-felices"],"_links":{"self":[{"href":"https:\/\/urbincasa.es\/blog\/wp-json\/wp\/v2\/posts\/9107","targetHints":{"allow":["GET"]}}],"collection":[{"href":"https:\/\/urbincasa.es\/blog\/wp-json\/wp\/v2\/posts"}],"about":[{"href":"https:\/\/urbincasa.es\/blog\/wp-json\/wp\/v2\/types\/post"}],"author":[{"embeddable":true,"href":"https:\/\/urbincasa.es\/blog\/wp-json\/wp\/v2\/users\/3"}],"replies":[{"embeddable":true,"href":"https:\/\/urbincasa.es\/blog\/wp-json\/wp\/v2\/comments?post=9107"}],"version-history":[{"count":11,"href":"https:\/\/urbincasa.es\/blog\/wp-json\/wp\/v2\/posts\/9107\/revisions"}],"predecessor-version":[{"id":9123,"href":"https:\/\/urbincasa.es\/blog\/wp-json\/wp\/v2\/posts\/9107\/revisions\/9123"}],"wp:featuredmedia":[{"embeddable":true,"href":"https:\/\/urbincasa.es\/blog\/wp-json\/wp\/v2\/media\/9108"}],"wp:attachment":[{"href":"https:\/\/urbincasa.es\/blog\/wp-json\/wp\/v2\/media?parent=9107"}],"wp:term":[{"taxonomy":"category","embeddable":true,"href":"https:\/\/urbincasa.es\/blog\/wp-json\/wp\/v2\/categories?post=9107"},{"taxonomy":"post_tag","embeddable":true,"href":"https:\/\/urbincasa.es\/blog\/wp-json\/wp\/v2\/tags?post=9107"}],"curies":[{"name":"wp","href":"https:\/\/api.w.org\/{rel}","templated":true}]}}