{"id":9281,"date":"2022-04-18T14:08:04","date_gmt":"2022-04-18T12:08:04","guid":{"rendered":"https:\/\/urbincasa.es\/blog\/?p=9281"},"modified":"2022-04-18T14:08:04","modified_gmt":"2022-04-18T12:08:04","slug":"horario-de-trabajo-a-la-carta","status":"publish","type":"post","link":"https:\/\/urbincasa.es\/blog\/2022\/04\/horario-de-trabajo-a-la-carta\/","title":{"rendered":"Horario de trabajo a la carta"},"content":{"rendered":"<div id=\"bsf_rt_marker\"><\/div><p style=\"background: white;\"><span style=\"font-family: 'Arial',sans-serif; color: #222222;\">En nuestro plan de responsabilidad social, el cuidado de los trabajadores siempre est\u00e1 en el punto de mira de Urbincasa. As\u00ed ha sido a lo largo de nuestra historia, adquiriendo nuevos compromisos con el equipo y contribuyendo, en la medida de lo posible, a su crecimiento profesional y personal.<\/span><\/p>\n<h2>Pioneros en medidas laborales<\/h2>\n<p style=\"background: white; font-variant-ligatures: normal; font-variant-caps: normal; orphans: 2; text-align: start; widows: 2; -webkit-text-stroke-width: 0px; text-decoration-thickness: initial; text-decoration-style: initial; text-decoration-color: initial; word-spacing: 0px;\"><span style=\"font-family: 'Arial',sans-serif; color: #222222;\">En Urbincasa siempre hemos sido pioneros a la hora de poner en marcha medidas que permitan a nuestros empleados una mayor flexibilidad horaria para organizar mejor su jornada laboral. Una filosof\u00eda empresarial que reforzamos de nuevo en 2022 (a\u00f1o en el que tambi\u00e9n volveremos a ampliar nuestra plantilla) con una novedosa iniciativa de conciliaci\u00f3n: a partir de ahora, cada empleado de Urbincasa podr\u00e1 elegir libremente su horario de trabajo.\u00a0<\/span><\/p>\n<p style=\"background: white; font-variant-ligatures: normal; font-variant-caps: normal; orphans: 2; text-align: start; widows: 2; -webkit-text-stroke-width: 0px; text-decoration-thickness: initial; text-decoration-style: initial; text-decoration-color: initial; word-spacing: 0px;\"><span style=\"font-family: 'Arial',sans-serif; color: #222222;\">Junto a la implantaci\u00f3n del teletrabajo, medidas como \u00e9sta, en la que afianzamos nuestro v\u00ednculo de confianza con la plantilla apostando claramente por su profesionalidad, #honestidad y dedicaci\u00f3n, nos permitir\u00e1n no solo mejorar su satisfacci\u00f3n y calidad de vida, sino tambi\u00e9n de disfrutar de una mayor estabilidad, compromiso y, en definitiva, de un prometedor #futuro.<\/span><\/p>\n<p style=\"background: white; font-variant-ligatures: normal; font-variant-caps: normal; orphans: 2; text-align: start; widows: 2; -webkit-text-stroke-width: 0px; text-decoration-thickness: initial; text-decoration-style: initial; text-decoration-color: initial; word-spacing: 0px;\"><span style=\"font-family: 'Arial',sans-serif; color: #222222;\">\u00a0<\/span><\/p>\n<p style=\"background: white; font-variant-ligatures: normal; font-variant-caps: normal; orphans: 2; text-align: start; widows: 2; -webkit-text-stroke-width: 0px; text-decoration-thickness: initial; text-decoration-style: initial; text-decoration-color: initial; word-spacing: 0px;\"><span style=\"font-family: 'Arial',sans-serif; color: #222222;\">#Conciliaci\u00f3n #Flexibilidad #Empleo #Confianza #Equipo #Teletrabajo #JornadaLaboral #Personas<\/span><\/p>\n","protected":false},"excerpt":{"rendered":"<p>En nuestro plan de responsabilidad social, el cuidado de los trabajadores siempre est\u00e1 en el punto de mira de Urbincasa. As\u00ed ha sido a lo largo de nuestra historia, adquiriendo nuevos compromisos con el equipo y contribuyendo, en la medida de lo posible, a su crecimiento profesional y personal. Pioneros en medidas laborales En Urbincasa [&hellip;]<\/p>\n","protected":false},"author":3,"featured_media":9282,"comment_status":"open","ping_status":"open","sticky":false,"template":"","format":"standard","meta":{"footnotes":""},"categories":[879,825,819,815],"tags":[],"class_list":["post-9281","post","type-post","status-publish","format-standard","has-post-thumbnail","hentry","category-actualidad","category-empresa-comprometida","category-equipo","category-flexibilidad-laboral"],"_links":{"self":[{"href":"https:\/\/urbincasa.es\/blog\/wp-json\/wp\/v2\/posts\/9281","targetHints":{"allow":["GET"]}}],"collection":[{"href":"https:\/\/urbincasa.es\/blog\/wp-json\/wp\/v2\/posts"}],"about":[{"href":"https:\/\/urbincasa.es\/blog\/wp-json\/wp\/v2\/types\/post"}],"author":[{"embeddable":true,"href":"https:\/\/urbincasa.es\/blog\/wp-json\/wp\/v2\/users\/3"}],"replies":[{"embeddable":true,"href":"https:\/\/urbincasa.es\/blog\/wp-json\/wp\/v2\/comments?post=9281"}],"version-history":[{"count":1,"href":"https:\/\/urbincasa.es\/blog\/wp-json\/wp\/v2\/posts\/9281\/revisions"}],"predecessor-version":[{"id":9283,"href":"https:\/\/urbincasa.es\/blog\/wp-json\/wp\/v2\/posts\/9281\/revisions\/9283"}],"wp:featuredmedia":[{"embeddable":true,"href":"https:\/\/urbincasa.es\/blog\/wp-json\/wp\/v2\/media\/9282"}],"wp:attachment":[{"href":"https:\/\/urbincasa.es\/blog\/wp-json\/wp\/v2\/media?parent=9281"}],"wp:term":[{"taxonomy":"category","embeddable":true,"href":"https:\/\/urbincasa.es\/blog\/wp-json\/wp\/v2\/categories?post=9281"},{"taxonomy":"post_tag","embeddable":true,"href":"https:\/\/urbincasa.es\/blog\/wp-json\/wp\/v2\/tags?post=9281"}],"curies":[{"name":"wp","href":"https:\/\/api.w.org\/{rel}","templated":true}]}}