{"id":9303,"date":"2022-05-09T10:21:57","date_gmt":"2022-05-09T08:21:57","guid":{"rendered":"https:\/\/urbincasa.es\/blog\/?p=9303"},"modified":"2023-10-26T11:45:22","modified_gmt":"2023-10-26T09:45:22","slug":"renovamos-nuestro-codigo-etico","status":"publish","type":"post","link":"https:\/\/urbincasa.es\/blog\/2022\/05\/renovamos-nuestro-codigo-etico\/","title":{"rendered":"Renovamos nuestro C\u00f3digo \u00c9tico"},"content":{"rendered":"<div id=\"bsf_rt_marker\"><\/div><blockquote><p><strong>De nada sirve buscar \u00fanicamente el beneficio empresarial si este no va acompa\u00f1ado de una mejora general del entorno en el que desarrollamos nuestra actividad (clientes, empleados, proveedores y sociedad en general) y conseguimos, entre todas las partes, un equilibrio coherente. As\u00ed lo entendemos en Urbincasa.<\/strong><\/p><\/blockquote>\n<p><span style=\"font-weight: 400;\">Esta manera de ver las cosas nos ha permitido <strong>crear nuestro propio C\u00f3digo \u00c9tico en torno a unos valores centrados en las personas<\/strong> y construir una empresa \u00e9ticamente responsable y comprometida, donde la transparencia, el bienestar de las personas, la conciliaci\u00f3n, el respeto, la igualdad y el desarrollo profesional est\u00e1n presentes en todos nuestros \u00e1mbitos de actuaci\u00f3n.<\/span><\/p>\n<p><span style=\"font-weight: 400;\">Un C\u00f3digo \u00c9tico que acabamos de revisar y actualizar para adaptarlo a la \u201cnueva realidad\u201d en la que nos vemos inmersos, con las tecnolog\u00edas en plena transformaci\u00f3n, el teletrabajo y el surgimiento de nuevos canales de comunicaci\u00f3n.\u00a0<\/span><\/p>\n<p><span style=\"font-weight: 400;\"><strong>El cumplimiento de nuestro C\u00f3digo \u00c9tico<\/strong>, que <strong>comienza en\u00a0 las propias oficinas de Urbincasa<\/strong> para ir extendi\u00e9ndose en las distintas parcelas que nos rodean: laboral, social, medioambiental, etc., no s\u00f3lo es una obligaci\u00f3n que tenemos como empleados de Urbincasa, sino tambi\u00e9n como ciudadanos responsables de una comunidad, promoviendo las buenas pr\u00e1cticas y los valores \u00e9ticos que nos gobiernan y que recogemos en nuestro Compliance.<\/span><\/p>\n<p><span style=\"font-weight: 400;\">El <strong>C\u00f3digo \u00c9tico de Urbincasa<\/strong> nos hace m\u00e1s fuertes, pero tambi\u00e9n es una se\u00f1a de identidad que nos identifica como <strong>empresa de confianza<\/strong> en el sector de la promoci\u00f3n de viviendas, donde contamos con una trayectoria de m\u00e1s de 50 a\u00f1os de experiencia y buen hacer.<\/span><\/p>\n<p>&nbsp;<\/p>\n","protected":false},"excerpt":{"rendered":"<p>De nada sirve buscar \u00fanicamente el beneficio empresarial si este no va acompa\u00f1ado de una mejora general del entorno en el que desarrollamos nuestra actividad (clientes, empleados, proveedores y sociedad en general) y conseguimos, entre todas las partes, un equilibrio coherente. As\u00ed lo entendemos en Urbincasa. Esta manera de ver las cosas nos ha permitido [&hellip;]<\/p>\n","protected":false},"author":3,"featured_media":9302,"comment_status":"closed","ping_status":"open","sticky":false,"template":"","format":"standard","meta":{"footnotes":""},"categories":[879,900,903,825,901,902],"tags":[],"class_list":["post-9303","post","type-post","status-publish","format-standard","has-post-thumbnail","hentry","category-actualidad","category-compliance","category-confianza","category-empresa-comprometida","category-etica","category-personas"],"_links":{"self":[{"href":"https:\/\/urbincasa.es\/blog\/wp-json\/wp\/v2\/posts\/9303","targetHints":{"allow":["GET"]}}],"collection":[{"href":"https:\/\/urbincasa.es\/blog\/wp-json\/wp\/v2\/posts"}],"about":[{"href":"https:\/\/urbincasa.es\/blog\/wp-json\/wp\/v2\/types\/post"}],"author":[{"embeddable":true,"href":"https:\/\/urbincasa.es\/blog\/wp-json\/wp\/v2\/users\/3"}],"replies":[{"embeddable":true,"href":"https:\/\/urbincasa.es\/blog\/wp-json\/wp\/v2\/comments?post=9303"}],"version-history":[{"count":4,"href":"https:\/\/urbincasa.es\/blog\/wp-json\/wp\/v2\/posts\/9303\/revisions"}],"predecessor-version":[{"id":9344,"href":"https:\/\/urbincasa.es\/blog\/wp-json\/wp\/v2\/posts\/9303\/revisions\/9344"}],"wp:featuredmedia":[{"embeddable":true,"href":"https:\/\/urbincasa.es\/blog\/wp-json\/wp\/v2\/media\/9302"}],"wp:attachment":[{"href":"https:\/\/urbincasa.es\/blog\/wp-json\/wp\/v2\/media?parent=9303"}],"wp:term":[{"taxonomy":"category","embeddable":true,"href":"https:\/\/urbincasa.es\/blog\/wp-json\/wp\/v2\/categories?post=9303"},{"taxonomy":"post_tag","embeddable":true,"href":"https:\/\/urbincasa.es\/blog\/wp-json\/wp\/v2\/tags?post=9303"}],"curies":[{"name":"wp","href":"https:\/\/api.w.org\/{rel}","templated":true}]}}