{"id":9616,"date":"2023-07-07T11:30:12","date_gmt":"2023-07-07T09:30:12","guid":{"rendered":"https:\/\/urbincasa.es\/blog\/?p=9616"},"modified":"2023-10-25T14:45:22","modified_gmt":"2023-10-25T12:45:22","slug":"urbincasa-colabora-un-ano-mas-en-los-galardones-onda-cero-cartagena-2023","status":"publish","type":"post","link":"https:\/\/urbincasa.es\/blog\/2023\/07\/urbincasa-colabora-un-ano-mas-en-los-galardones-onda-cero-cartagena-2023\/","title":{"rendered":"Urbincasa colabora un a\u00f1o m\u00e1s en los Galardones Onda Cero Cartagena 2023"},"content":{"rendered":"<div id=\"bsf_rt_marker\"><\/div><blockquote>\n<h3><span style=\"font-weight: 400;\">Un a\u00f1o m\u00e1s participamos en los <\/span><a href=\"https:\/\/www.cartagenaactualidad.com\/articulo\/actualidad\/xiv-edicion-gala-premios-onda-cero-cartagena-galeria-fotografica-luis-godinez\/20230706130634118759.html\"><span style=\"font-weight: 400;\">Premios de Onda Cero Cartagena <\/span><\/a><span style=\"font-weight: 400;\">2023 a las actividades e iniciativas empresariales m\u00e1s destacadas de la regi\u00f3n. Concretamente, nuestro reconocimiento fue para la <\/span><a href=\"http:\/\/www.fremm.es\/portal\/faces\/index.jsp\"><span style=\"font-weight: 400;\">Federaci\u00f3n Regional de Empresarios del Metal de Murcia<\/span><\/a><span style=\"font-weight: 400;\"> (FREMM), en la categor\u00eda \u201cEconom\u00eda y Empresa\u201d, por su decidida apuesta por una formaci\u00f3n especializada y de calidad de los trabajadores del sector del metal.<\/span><\/h3>\n<\/blockquote>\n<p>&nbsp;<\/p>\n<figure id=\"attachment_9619\" aria-describedby=\"caption-attachment-9619\" style=\"width: 625px\" class=\"wp-caption aligncenter\"><img loading=\"lazy\" decoding=\"async\" class=\"wp-image-9619\" src=\"https:\/\/urbincasa.es\/blog\/wp-content\/uploads\/2023\/07\/premios-familia-onda-regional.jpg\" alt=\"\" width=\"625\" height=\"467\" srcset=\"https:\/\/urbincasa.es\/blog\/wp-content\/uploads\/2023\/07\/premios-familia-onda-regional.jpg 963w, https:\/\/urbincasa.es\/blog\/wp-content\/uploads\/2023\/07\/premios-familia-onda-regional-300x224.jpg 300w, https:\/\/urbincasa.es\/blog\/wp-content\/uploads\/2023\/07\/premios-familia-onda-regional-768x574.jpg 768w\" sizes=\"auto, (max-width: 625px) 100vw, 625px\" \/><figcaption id=\"caption-attachment-9619\" class=\"wp-caption-text\">El Auditorio Municipal El Batel acogi\u00f3 el pasado mi\u00e9rcoles 5 de julio la Gala de Premios Onda Cero Cartagena 2023<\/figcaption><\/figure>\n<p>&nbsp;<\/p>\n<p><span style=\"font-weight: 400;\">No podemos olvidar que en nuestra comarca operan grandes empresas como Navantia o Repsol y que demandan continuamente profesionales de este sector. La federaci\u00f3n se convierte, por tanto, en una pieza important\u00edsima para el mantenimiento y reciclaje de nuestro tejido industrial, aportando valor, conocimiento y tambi\u00e9n empleo, a trav\u00e9s de los profesionales a los que forma.<\/span><\/p>\n<p>&nbsp;<\/p>\n<blockquote>\n<h3><span style=\"font-weight: 400;\">Desde Urbincasa recalcamos la labor de esta federaci\u00f3n y su apuesta decidida por una formaci\u00f3n de calidad y especializaci\u00f3n de los profesionales del sector del metal. Sin duda, un papel clave para el tejido industrial de nuestra regi\u00f3n.<\/span><\/h3>\n<\/blockquote>\n<p>&nbsp;<\/p>\n<p><img loading=\"lazy\" decoding=\"async\" class=\"aligncenter wp-image-9615\" src=\"https:\/\/urbincasa.es\/blog\/wp-content\/uploads\/2023\/07\/patrocinio-premios-onda-cero-1024x678.jpeg\" alt=\"\" width=\"613\" height=\"406\" srcset=\"https:\/\/urbincasa.es\/blog\/wp-content\/uploads\/2023\/07\/patrocinio-premios-onda-cero.jpeg 1024w, https:\/\/urbincasa.es\/blog\/wp-content\/uploads\/2023\/07\/patrocinio-premios-onda-cero-300x199.jpeg 300w, https:\/\/urbincasa.es\/blog\/wp-content\/uploads\/2023\/07\/patrocinio-premios-onda-cero-768x509.jpeg 768w\" sizes=\"auto, (max-width: 613px) 100vw, 613px\" \/><\/p>\n<p>&nbsp;<\/p>\n<p><span style=\"font-weight: 400;\">Aunque no pudimos entregar el premio, la <\/span><a href=\"https:\/\/www.ondacero.es\/emisoras\/murcia\/cartagena\/audios-podcast\/mas-de-uno\/premio-onda-cero-cartagena-categoria-economia-empresa-fremm_20230628649c22aa44049c0001ec3a4d.html\"><span style=\"font-weight: 400;\">gala <\/span><\/a><span style=\"font-weight: 400;\">coincid\u00eda con nuestro evento de presentaci\u00f3n de <\/span><span style=\"font-weight: 400;\">M\u00e3la <\/span><span style=\"font-weight: 400;\">Kai Resort en Marbella, desde Urbincasa queremos mandar un fuerte abrazo a Alfonso Hern\u00e1ndez Zapata, presidente de la FREMM, por su merecido reconocimiento en los Galardones de Onda Cero Cartagena.\u00a0<\/span><\/p>\n<p>&nbsp;<\/p>\n","protected":false},"excerpt":{"rendered":"<p>Un a\u00f1o m\u00e1s participamos en los Premios de Onda Cero Cartagena 2023 a las actividades e iniciativas empresariales m\u00e1s destacadas de la regi\u00f3n. Concretamente, nuestro reconocimiento fue para la Federaci\u00f3n Regional de Empresarios del Metal de Murcia (FREMM), en la categor\u00eda \u201cEconom\u00eda y Empresa\u201d, por su decidida apuesta por una formaci\u00f3n especializada y de calidad [&hellip;]<\/p>\n","protected":false},"author":3,"featured_media":9614,"comment_status":"closed","ping_status":"open","sticky":false,"template":"","format":"standard","meta":{"footnotes":""},"categories":[879,920,9,897,919,847],"tags":[35,921,101,111,922],"class_list":["post-9616","post","type-post","status-publish","format-standard","has-post-thumbnail","hentry","category-actualidad","category-cartagena","category-eventos","category-gente","category-patrocinio","category-urbincasa","tag-cartagena","tag-onda-cero","tag-patrocinio","tag-premios","tag-tejido-industrial"],"_links":{"self":[{"href":"https:\/\/urbincasa.es\/blog\/wp-json\/wp\/v2\/posts\/9616","targetHints":{"allow":["GET"]}}],"collection":[{"href":"https:\/\/urbincasa.es\/blog\/wp-json\/wp\/v2\/posts"}],"about":[{"href":"https:\/\/urbincasa.es\/blog\/wp-json\/wp\/v2\/types\/post"}],"author":[{"embeddable":true,"href":"https:\/\/urbincasa.es\/blog\/wp-json\/wp\/v2\/users\/3"}],"replies":[{"embeddable":true,"href":"https:\/\/urbincasa.es\/blog\/wp-json\/wp\/v2\/comments?post=9616"}],"version-history":[{"count":7,"href":"https:\/\/urbincasa.es\/blog\/wp-json\/wp\/v2\/posts\/9616\/revisions"}],"predecessor-version":[{"id":9624,"href":"https:\/\/urbincasa.es\/blog\/wp-json\/wp\/v2\/posts\/9616\/revisions\/9624"}],"wp:featuredmedia":[{"embeddable":true,"href":"https:\/\/urbincasa.es\/blog\/wp-json\/wp\/v2\/media\/9614"}],"wp:attachment":[{"href":"https:\/\/urbincasa.es\/blog\/wp-json\/wp\/v2\/media?parent=9616"}],"wp:term":[{"taxonomy":"category","embeddable":true,"href":"https:\/\/urbincasa.es\/blog\/wp-json\/wp\/v2\/categories?post=9616"},{"taxonomy":"post_tag","embeddable":true,"href":"https:\/\/urbincasa.es\/blog\/wp-json\/wp\/v2\/tags?post=9616"}],"curies":[{"name":"wp","href":"https:\/\/api.w.org\/{rel}","templated":true}]}}